{"id":1274,"date":"2018-02-24T19:28:10","date_gmt":"2018-02-24T22:28:10","guid":{"rendered":"http:\/\/www.quilombhoje.com.br\/site\/?p=1274"},"modified":"2018-05-09T01:55:12","modified_gmt":"2018-05-09T04:55:12","slug":"poema-1","status":"publish","type":"post","link":"https:\/\/www.quilombhoje.com.br\/site\/poema-1\/","title":{"rendered":"Os sonhos &#8211; Concei\u00e7\u00e3o Evaristo"},"content":{"rendered":"<div id=\"pl-1274\"  class=\"panel-layout\" ><div id=\"pg-1274-0\"  class=\"panel-grid panel-has-style\" ><div class=\"siteorigin-panels-stretch panel-row-style-full-width panel-row-style panel-row-style-for-1274-0\" data-stretch-type=\"full\" ><div id=\"pgc-1274-0-0\"  class=\"panel-grid-cell\" ><div id=\"panel-1274-0-0-0\" class=\"so-panel widget widget_sow-image panel-first-child panel-last-child\" data-index=\"0\" ><div class=\"so-widget-sow-image so-widget-sow-image-default-bd5cd9da0588\">\n\n<div class=\"sow-image-container\">\n\t<img src=\"http:\/\/layouts.siteorigin.com\/wp-content\/uploads\/2015\/08\/background-18176_1280.jpg#1280x853\" width=\"1280\" height=\"853\" title=\"Os sonhos &#8211; Concei\u00e7\u00e3o Evaristo\" \t\tclass=\"so-widget-image\"\/>\n<\/div>\n\n<\/div><\/div><\/div><div id=\"pgc-1274-0-1\"  class=\"panel-grid-cell\" ><div id=\"panel-1274-0-1-0\" class=\"so-panel widget widget_sow-editor panel-first-child panel-last-child\" data-index=\"1\" ><div class=\"so-widget-sow-editor so-widget-sow-editor-base\">\n<div class=\"siteorigin-widget-tinymce textwidget\">\n\t<h1><span style=\"color: #000000;\">OS SONHOS<\/span><\/h1>\n&nbsp;\n<h5><span style=\"color: #333333;\">Os sonhos foram banhados<\/span><\/h5>\n<h5>nas \u00e1guas da mis\u00e9ria<\/h5>\n<h5>e derreteram-se.<\/h5>\n&nbsp;\n<h5><\/h5>\n<h5>Os sonhos foram moldados<\/h5>\n<h5>a ferro e a fogo<\/h5>\n<h5>e tomaram a forma do nada.<\/h5>\n&nbsp;\n<h5><\/h5>\n<h5>Os sonhos foram e foram.<\/h5>\n&nbsp;\n<h5><\/h5>\n<h5>Mas crian\u00e7as com bocas de fome<\/h5>\n<h5>\u00e1vidas, ressuscitaram a vida<\/h5>\n<h5>brincando anz\u00f3is nas correntezas<\/h5>\n<h5>profundas.<\/h5>\n<h5>E os sonhos, submersos e<\/h5>\n<h5>disformes<\/h5>\n<h5>avolumaram-se engrandecidos<\/h5>\n<h5>anelando-se uns aos outros<\/h5>\n<h5>pulsaram como sangue-raiz<\/h5>\n<h5>nas veias ressecadas<\/h5>\n<h5>de um novo mundo.<\/h5>\n&nbsp;\n<h5><\/h5>\n<h5><span style=\"font-size: 12pt;\"><strong>Concei\u00e7\u00e3o Evaristo <em>in<\/em> Cadernos Negros 13<\/strong><\/span><\/h5><\/div>\n<\/div><\/div><\/div><\/div><\/div><\/div>","protected":false},"excerpt":{"rendered":"<p>OS SONHOS &nbsp; Os sonhos foram banhados nas \u00e1guas da mis\u00e9ria e derreteram-se. &nbsp; Os sonhos foram moldados a ferro e a fogo e tomaram a forma do nada. &nbsp; Os sonhos foram e foram. &nbsp; Mas crian\u00e7as com bocas de fome \u00e1vidas, ressuscitaram a vida brincando anz\u00f3is nas correntezas profundas. E os sonhos, submersos [&hellip;]<\/p>\n","protected":false},"author":1,"featured_media":1381,"comment_status":"closed","ping_status":"open","sticky":false,"template":"","format":"standard","meta":[],"categories":[14],"tags":[],"_links":{"self":[{"href":"https:\/\/www.quilombhoje.com.br\/site\/wp-json\/wp\/v2\/posts\/1274"}],"collection":[{"href":"https:\/\/www.quilombhoje.com.br\/site\/wp-json\/wp\/v2\/posts"}],"about":[{"href":"https:\/\/www.quilombhoje.com.br\/site\/wp-json\/wp\/v2\/types\/post"}],"author":[{"embeddable":true,"href":"https:\/\/www.quilombhoje.com.br\/site\/wp-json\/wp\/v2\/users\/1"}],"replies":[{"embeddable":true,"href":"https:\/\/www.quilombhoje.com.br\/site\/wp-json\/wp\/v2\/comments?post=1274"}],"version-history":[{"count":32,"href":"https:\/\/www.quilombhoje.com.br\/site\/wp-json\/wp\/v2\/posts\/1274\/revisions"}],"predecessor-version":[{"id":1396,"href":"https:\/\/www.quilombhoje.com.br\/site\/wp-json\/wp\/v2\/posts\/1274\/revisions\/1396"}],"wp:featuredmedia":[{"embeddable":true,"href":"https:\/\/www.quilombhoje.com.br\/site\/wp-json\/wp\/v2\/media\/1381"}],"wp:attachment":[{"href":"https:\/\/www.quilombhoje.com.br\/site\/wp-json\/wp\/v2\/media?parent=1274"}],"wp:term":[{"taxonomy":"category","embeddable":true,"href":"https:\/\/www.quilombhoje.com.br\/site\/wp-json\/wp\/v2\/categories?post=1274"},{"taxonomy":"post_tag","embeddable":true,"href":"https:\/\/www.quilombhoje.com.br\/site\/wp-json\/wp\/v2\/tags?post=1274"}],"curies":[{"name":"wp","href":"https:\/\/api.w.org\/{rel}","templated":true}]}}