{"id":794,"date":"2014-11-30T01:33:51","date_gmt":"2014-11-30T03:33:51","guid":{"rendered":"http:\/\/www.quilombhoje.com.br\/blog\/?p=794"},"modified":"2014-11-30T01:33:51","modified_gmt":"2014-11-30T03:33:51","slug":"link-para-inscricao-no-lancamento-do-livro-cadernos-negros-37","status":"publish","type":"post","link":"https:\/\/www.quilombhoje.com.br\/blog\/?p=794","title":{"rendered":"LINK PARA INSCRI\u00c7\u00c3O NO LAN\u00c7AMENTO DO LIVRO CADERNOS NEGROS 37"},"content":{"rendered":"<div id=\"tweetbutton794\" class=\"tw_button\" style=\"\"><a href=\"http:\/\/twitter.com\/share?url=https%3A%2F%2Fwww.quilombhoje.com.br%2Fblog%2F%3Fp%3D794&amp;text=LINK%20PARA%20INSCRI%C3%87%C3%83O%20NO%20LAN%C3%87AMENTO%20DO%20LIVRO%20CADERNOS%20NEGROS%2037&amp;related=&amp;lang=en&amp;count=horizontal&amp;counturl=https%3A%2F%2Fwww.quilombhoje.com.br%2Fblog%2F%3Fp%3D794\" class=\"twitter-share-button\"  style=\"width:55px;height:22px;background:transparent url('https:\/\/www.quilombhoje.com.br\/blog\/wp-content\/plugins\/wp-tweet-button\/tweetn.png') no-repeat  0 0;text-align:left;text-indent:-9999px;display:block;\">Tweet<\/a><\/div><div id=\"fcbk_share\"><div class=\"fcbk_button\">\n\t\t\t\t\t\t\t<a href=\"http:\/\/www.facebook.com\/\"\ttarget=\"_blank\">\n\t\t\t\t\t\t\t\t<img decoding=\"async\" src=\"http:\/\/www.quilombhoje.com.br\/blog\/wp-content\/plugins\/facebook-button-plugin\/img\/standart-facebook-ico.png\" alt=\"Fb-Button\" \/>\n\t\t\t\t\t\t\t<\/a>\n\t\t\t\t\t\t<\/div><div class=\"fcbk_like\">\n\t\t\t\t\t\t\t<div id=\"fb-root\"><\/div>\n\t\t\t\t\t\t\t<script src=\"http:\/\/connect.facebook.net\/pt_BR\/all.js#appId=224313110927811&amp;xfbml=1\"><\/script>\n\t\t\t\t\t\t\t<fb:like href=\"https:\/\/www.quilombhoje.com.br\/blog\/?p=794\" send=\"false\" layout=\"button_count\" width=\"450\" show_faces=\"false\" font=\"\"><\/fb:like>\n\t\t\t\t\t\t<\/div><\/div><p>O lan\u00e7amento do livro Cadernos Negros volume 37 &#8211; Poemas Afro-Brasileiros vai acontecer no dia 12 de dezembro de 2014, sexta-feira, na biblioteca municipal M\u00e1rio de Andrade, Rua da Consola\u00e7\u00e3o, 94, S\u00e3o Paulo\/SP. O evento \u00e9 aberto e gratuito, mas o n\u00famero de pessoas permitido \u00e9 limitado. Assim, voc\u00ea deve fazer a inscri\u00e7\u00e3o para participar. Clique no link abaixo:<\/p>\n<p><a href=\"https:\/\/docs.google.com\/forms\/d\/1dgUdOGp98Nbfhel3abtJO12w_5Vab4sBmnqlgi-Zil4\/viewform?usp=send_form\">https:\/\/docs.google.com\/forms\/d\/1dgUdOGp98Nbfhel3abtJO12w_5Vab4sBmnqlgi-Zil4\/viewform?usp=send_form<\/a><\/p>\n<p><\/p>","protected":false},"excerpt":{"rendered":"<div id=\"tweetbutton794\" class=\"tw_button\" style=\"\"><a href=\"http:\/\/twitter.com\/share?url=https%3A%2F%2Fwww.quilombhoje.com.br%2Fblog%2F%3Fp%3D794&amp;text=LINK%20PARA%20INSCRI%C3%87%C3%83O%20NO%20LAN%C3%87AMENTO%20DO%20LIVRO%20CADERNOS%20NEGROS%2037&amp;related=&amp;lang=en&amp;count=horizontal&amp;counturl=https%3A%2F%2Fwww.quilombhoje.com.br%2Fblog%2F%3Fp%3D794\" class=\"twitter-share-button\"  style=\"width:55px;height:22px;background:transparent url('https:\/\/www.quilombhoje.com.br\/blog\/wp-content\/plugins\/wp-tweet-button\/tweetn.png') no-repeat  0 0;text-align:left;text-indent:-9999px;display:block;\">Tweet<\/a><\/div><p>Tweet O lan\u00e7amento do livro Cadernos Negros volume 37 &#8211; Poemas Afro-Brasileiros vai acontecer no dia 12 de dezembro de 2014, sexta-feira, na biblioteca municipal M\u00e1rio de Andrade, Rua da Consola\u00e7\u00e3o, 94, S\u00e3o Paulo\/SP. O evento \u00e9 aberto e gratuito, mas o n\u00famero de pessoas permitido \u00e9 limitado. Assim, voc\u00ea deve fazer a inscri\u00e7\u00e3o para [&hellip;]<\/p>\n","protected":false},"author":1,"featured_media":0,"comment_status":"open","ping_status":"open","sticky":false,"template":"","format":"standard","meta":{"footnotes":""},"categories":[3,1],"tags":[136,135],"yoast_head":"<!-- This site is optimized with the Yoast SEO plugin v16.4 - https:\/\/yoast.com\/wordpress\/plugins\/seo\/ -->\n<meta name=\"robots\" content=\"index, follow, max-snippet:-1, max-image-preview:large, max-video-preview:-1\" \/>\n<link rel=\"canonical\" href=\"https:\/\/www.quilombhoje.com.br\/blog\/?p=794\" \/>\n<meta property=\"og:locale\" content=\"pt_BR\" \/>\n<meta property=\"og:type\" content=\"article\" \/>\n<meta property=\"og:title\" content=\"LINK PARA INSCRI\u00c7\u00c3O NO LAN\u00c7AMENTO DO LIVRO CADERNOS NEGROS 37 &bull; QUILOMBHOJE\" \/>\n<meta property=\"og:description\" content=\"Tweet O lan\u00e7amento do livro Cadernos Negros volume 37 &#8211; Poemas Afro-Brasileiros vai acontecer no dia 12 de dezembro de 2014, sexta-feira, na biblioteca municipal M\u00e1rio de Andrade, Rua da Consola\u00e7\u00e3o, 94, S\u00e3o Paulo\/SP. O evento \u00e9 aberto e gratuito, mas o n\u00famero de pessoas permitido \u00e9 limitado. Assim, voc\u00ea deve fazer a inscri\u00e7\u00e3o para [&hellip;]\" \/>\n<meta property=\"og:url\" content=\"https:\/\/www.quilombhoje.com.br\/blog\/?p=794\" \/>\n<meta property=\"og:site_name\" content=\"QUILOMBHOJE\" \/>\n<meta property=\"article:published_time\" content=\"2014-11-30T03:33:51+00:00\" \/>\n<meta name=\"twitter:card\" content=\"summary_large_image\" \/>\n<script type=\"application\/ld+json\" class=\"yoast-schema-graph\">{\"@context\":\"https:\/\/schema.org\",\"@graph\":[{\"@type\":[\"Person\",\"Organization\"],\"@id\":\"https:\/\/www.quilombhoje.com.br\/blog\/#\/schema\/person\/ea696b395b5ec25575d4b2865cbc75a9\",\"name\":\"Marcio\",\"image\":{\"@type\":\"ImageObject\",\"@id\":\"https:\/\/www.quilombhoje.com.br\/blog\/#personlogo\",\"inLanguage\":\"pt-BR\",\"url\":\"https:\/\/secure.gravatar.com\/avatar\/7acc8449b30cfc81f163f831185a6f28?s=96&d=mm&r=g\",\"contentUrl\":\"https:\/\/secure.gravatar.com\/avatar\/7acc8449b30cfc81f163f831185a6f28?s=96&d=mm&r=g\",\"caption\":\"Marcio\"},\"logo\":{\"@id\":\"https:\/\/www.quilombhoje.com.br\/blog\/#personlogo\"}},{\"@type\":\"WebSite\",\"@id\":\"https:\/\/www.quilombhoje.com.br\/blog\/#website\",\"url\":\"https:\/\/www.quilombhoje.com.br\/blog\/\",\"name\":\"blog Quilombhoje\",\"description\":\"Informes, coment\\u00e1rios e outras coisas\",\"publisher\":{\"@id\":\"https:\/\/www.quilombhoje.com.br\/blog\/#\/schema\/person\/ea696b395b5ec25575d4b2865cbc75a9\"},\"potentialAction\":[{\"@type\":\"SearchAction\",\"target\":\"https:\/\/www.quilombhoje.com.br\/blog\/?s={search_term_string}\",\"query-input\":\"required name=search_term_string\"}],\"inLanguage\":\"pt-BR\"},{\"@type\":\"WebPage\",\"@id\":\"https:\/\/www.quilombhoje.com.br\/blog\/?p=794#webpage\",\"url\":\"https:\/\/www.quilombhoje.com.br\/blog\/?p=794\",\"name\":\"LINK PARA INSCRI\\u00c7\\u00c3O NO LAN\\u00c7AMENTO DO LIVRO CADERNOS NEGROS 37 &bull; QUILOMBHOJE\",\"isPartOf\":{\"@id\":\"https:\/\/www.quilombhoje.com.br\/blog\/#website\"},\"datePublished\":\"2014-11-30T03:33:51+00:00\",\"dateModified\":\"2014-11-30T03:33:51+00:00\",\"breadcrumb\":{\"@id\":\"https:\/\/www.quilombhoje.com.br\/blog\/?p=794#breadcrumb\"},\"inLanguage\":\"pt-BR\",\"potentialAction\":[{\"@type\":\"ReadAction\",\"target\":[\"https:\/\/www.quilombhoje.com.br\/blog\/?p=794\"]}]},{\"@type\":\"BreadcrumbList\",\"@id\":\"https:\/\/www.quilombhoje.com.br\/blog\/?p=794#breadcrumb\",\"itemListElement\":[{\"@type\":\"ListItem\",\"position\":1,\"item\":{\"@type\":\"WebPage\",\"@id\":\"https:\/\/www.quilombhoje.com.br\/blog\/\",\"url\":\"https:\/\/www.quilombhoje.com.br\/blog\/\",\"name\":\"In\\u00edcio\"}},{\"@type\":\"ListItem\",\"position\":2,\"item\":{\"@id\":\"https:\/\/www.quilombhoje.com.br\/blog\/?p=794#webpage\"}}]},{\"@type\":\"Article\",\"@id\":\"https:\/\/www.quilombhoje.com.br\/blog\/?p=794#article\",\"isPartOf\":{\"@id\":\"https:\/\/www.quilombhoje.com.br\/blog\/?p=794#webpage\"},\"author\":{\"@id\":\"https:\/\/www.quilombhoje.com.br\/blog\/#\/schema\/person\/9ba2ceab01e5661dfc52a9b99880a579\"},\"headline\":\"LINK PARA INSCRI\\u00c7\\u00c3O NO LAN\\u00c7AMENTO DO LIVRO CADERNOS NEGROS 37\",\"datePublished\":\"2014-11-30T03:33:51+00:00\",\"dateModified\":\"2014-11-30T03:33:51+00:00\",\"mainEntityOfPage\":{\"@id\":\"https:\/\/www.quilombhoje.com.br\/blog\/?p=794#webpage\"},\"wordCount\":87,\"commentCount\":0,\"publisher\":{\"@id\":\"https:\/\/www.quilombhoje.com.br\/blog\/#\/schema\/person\/ea696b395b5ec25575d4b2865cbc75a9\"},\"keywords\":[\"cadernos negros 37\",\"inscri\\u00e7\\u00e3o\"],\"articleSection\":[\"Informes\"],\"inLanguage\":\"pt-BR\",\"potentialAction\":[{\"@type\":\"CommentAction\",\"name\":\"Comment\",\"target\":[\"https:\/\/www.quilombhoje.com.br\/blog\/?p=794#respond\"]}]},{\"@type\":\"Person\",\"@id\":\"https:\/\/www.quilombhoje.com.br\/blog\/#\/schema\/person\/9ba2ceab01e5661dfc52a9b99880a579\",\"name\":\"admin\",\"image\":{\"@type\":\"ImageObject\",\"@id\":\"https:\/\/www.quilombhoje.com.br\/blog\/#personlogo\",\"inLanguage\":\"pt-BR\",\"url\":\"https:\/\/secure.gravatar.com\/avatar\/0638aed368a4753a7e82bd6c536f8048?s=96&d=mm&r=g\",\"contentUrl\":\"https:\/\/secure.gravatar.com\/avatar\/0638aed368a4753a7e82bd6c536f8048?s=96&d=mm&r=g\",\"caption\":\"admin\"},\"url\":\"https:\/\/www.quilombhoje.com.br\/blog\/?author=1\"}]}<\/script>\n<!-- \/ Yoast SEO plugin. -->","_links":{"self":[{"href":"https:\/\/www.quilombhoje.com.br\/blog\/index.php?rest_route=\/wp\/v2\/posts\/794"}],"collection":[{"href":"https:\/\/www.quilombhoje.com.br\/blog\/index.php?rest_route=\/wp\/v2\/posts"}],"about":[{"href":"https:\/\/www.quilombhoje.com.br\/blog\/index.php?rest_route=\/wp\/v2\/types\/post"}],"author":[{"embeddable":true,"href":"https:\/\/www.quilombhoje.com.br\/blog\/index.php?rest_route=\/wp\/v2\/users\/1"}],"replies":[{"embeddable":true,"href":"https:\/\/www.quilombhoje.com.br\/blog\/index.php?rest_route=%2Fwp%2Fv2%2Fcomments&post=794"}],"version-history":[{"count":3,"href":"https:\/\/www.quilombhoje.com.br\/blog\/index.php?rest_route=\/wp\/v2\/posts\/794\/revisions"}],"predecessor-version":[{"id":797,"href":"https:\/\/www.quilombhoje.com.br\/blog\/index.php?rest_route=\/wp\/v2\/posts\/794\/revisions\/797"}],"wp:attachment":[{"href":"https:\/\/www.quilombhoje.com.br\/blog\/index.php?rest_route=%2Fwp%2Fv2%2Fmedia&parent=794"}],"wp:term":[{"taxonomy":"category","embeddable":true,"href":"https:\/\/www.quilombhoje.com.br\/blog\/index.php?rest_route=%2Fwp%2Fv2%2Fcategories&post=794"},{"taxonomy":"post_tag","embeddable":true,"href":"https:\/\/www.quilombhoje.com.br\/blog\/index.php?rest_route=%2Fwp%2Fv2%2Ftags&post=794"}],"curies":[{"name":"wp","href":"https:\/\/api.w.org\/{rel}","templated":true}]}}