{"id":375,"date":"2012-06-16T05:37:36","date_gmt":"2012-06-16T05:37:36","guid":{"rendered":"http:\/\/www.quilombhoje.com.br\/blog\/?p=375"},"modified":"2012-06-16T05:37:51","modified_gmt":"2012-06-16T05:37:51","slug":"sobre-nossos-ganhos-e-perdas","status":"publish","type":"post","link":"https:\/\/www.quilombhoje.com.br\/blog\/?p=375","title":{"rendered":"SOBRE NOSSOS GANHOS E PERDAS"},"content":{"rendered":"<div id=\"tweetbutton375\" class=\"tw_button\" style=\"\"><a href=\"http:\/\/twitter.com\/share?url=https%3A%2F%2Fwww.quilombhoje.com.br%2Fblog%2F%3Fp%3D375&amp;text=SOBRE%20NOSSOS%20GANHOS%20E%20PERDAS&amp;related=&amp;lang=en&amp;count=horizontal&amp;counturl=https%3A%2F%2Fwww.quilombhoje.com.br%2Fblog%2F%3Fp%3D375\" class=\"twitter-share-button\"  style=\"width:55px;height:22px;background:transparent url('https:\/\/www.quilombhoje.com.br\/blog\/wp-content\/plugins\/wp-tweet-button\/tweetn.png') no-repeat  0 0;text-align:left;text-indent:-9999px;display:block;\">Tweet<\/a><\/div><div id=\"fcbk_share\"><div class=\"fcbk_button\">\n\t\t\t\t\t\t\t<a href=\"http:\/\/www.facebook.com\/\"\ttarget=\"_blank\">\n\t\t\t\t\t\t\t\t<img decoding=\"async\" src=\"http:\/\/www.quilombhoje.com.br\/blog\/wp-content\/plugins\/facebook-button-plugin\/img\/standart-facebook-ico.png\" alt=\"Fb-Button\" \/>\n\t\t\t\t\t\t\t<\/a>\n\t\t\t\t\t\t<\/div><div class=\"fcbk_like\">\n\t\t\t\t\t\t\t<div id=\"fb-root\"><\/div>\n\t\t\t\t\t\t\t<script src=\"http:\/\/connect.facebook.net\/pt_BR\/all.js#appId=224313110927811&amp;xfbml=1\"><\/script>\n\t\t\t\t\t\t\t<fb:like href=\"https:\/\/www.quilombhoje.com.br\/blog\/?p=375\" send=\"false\" layout=\"button_count\" width=\"450\" show_faces=\"false\" font=\"\"><\/fb:like>\n\t\t\t\t\t\t<\/div><\/div><p>No dia dia 22\/5, a Assembleia Legislativa de S\u00e3o Paulo  realizou uma audi\u00eancia p\u00fablica sobre as cotas e o foco foram as  universidades paulistas. O que se viu de um lado foi uma juventude  organizada que lotou o audit\u00f3rio e que quer cobrar do Estado de S\u00e3o  Paulo pol\u00edticas de a\u00e7\u00e3o afirmativa as quais, ali\u00e1s, j\u00e1 se espalham por  v\u00e1rios Estados do pa\u00eds. Do outro lado, Unesp, Usp e Unicamp,  institui\u00e7\u00f5es em que os filhos das elites j\u00e1 t\u00eam suas cotas garantidas,  n\u00e3o esconderam sua voca\u00e7\u00e3o conservadora, segundo a qual as cotas para  afrodescendentes n\u00e3o ter\u00e3o vez no curto prazo. Mas propostas e projetos  apresentados por deputados com uma vis\u00e3o mais progressista prometem  tirar essas institui\u00e7\u00f5es de sua zona de conforto, mostrando que a  voca\u00e7\u00e3o atual do pa\u00eds \u00e9 no sentido de caminhar para solu\u00e7\u00f5es que  beneficiem todo o povo. O bonito foi ver a demonstra\u00e7\u00e3o de energia e  consci\u00eancia de uma juventude disposta a lutar por seu espa\u00e7o, disposta a  cobrar dos poderes Executivo e Legislativo pol\u00edticas de a\u00e7\u00e3o  afirmativa.<\/p>\n<p>Entretanto, no dia seguinte foi chocante a not\u00edcia que saiu na internet:  o assassinato de uma estudante angolana num bar em SP, depois de ter  sido ofendida com frases de cunho racista.<br \/>\nTriste! Lament\u00e1vel! Inaceit\u00e1vel!<br \/>\nE o que continua causando indigna\u00e7\u00e3o \u00e9 o fato de at\u00e9 o momento os  culpados n\u00e3o terem sido presos. Quem s\u00e3o eles? E por que a grande m\u00eddia  n\u00e3o repercutiu este caso?<br \/>\nA jovem angolana Zulmira Cardoso, 26 anos, foi morta e outros quatro  jovens angolanos foram gravemente feridos. Zulmira morreu e os sonhos de  todos n\u00f3s, que queremos um mundo melhor, foram tamb\u00e9m atingidos pelas  balas.<br \/>\n\u00c9 preciso clamar por justi\u00e7a! \u00c9 preciso n\u00e3o aceitar! \u00c9 preciso cobrar  das autoridades competentes a solu\u00e7\u00e3o deste caso e de todos os outros em  que jovens negros s\u00e3o assassinados, independentemente de serem  angolanos, brasileiros, nigerianos etc.<\/p>\n<p>Que Zulmira descanse em paz! E que possamos ver a JUSTI\u00c7A acontecer!<\/p>\n<p>_________________________________________________________________________________________________________________________________________________________<\/p>\n<p>MAS CELEBREMOS TAMB\u00c9M AS CONQUISTAS:<\/p>\n<p>um programa de interc\u00e2mbio com universidades norte-americanas, que  beneficiar\u00e1 estudantes afro-brasileros, est\u00e1 surgindo. Vc pode ter  maiores informa\u00e7\u00f5es increvendo-se no site do Educafro:  www.educafro.org.br<\/p>\n<p><\/p>","protected":false},"excerpt":{"rendered":"<div id=\"tweetbutton375\" class=\"tw_button\" style=\"\"><a href=\"http:\/\/twitter.com\/share?url=https%3A%2F%2Fwww.quilombhoje.com.br%2Fblog%2F%3Fp%3D375&amp;text=SOBRE%20NOSSOS%20GANHOS%20E%20PERDAS&amp;related=&amp;lang=en&amp;count=horizontal&amp;counturl=https%3A%2F%2Fwww.quilombhoje.com.br%2Fblog%2F%3Fp%3D375\" class=\"twitter-share-button\"  style=\"width:55px;height:22px;background:transparent url('https:\/\/www.quilombhoje.com.br\/blog\/wp-content\/plugins\/wp-tweet-button\/tweetn.png') no-repeat  0 0;text-align:left;text-indent:-9999px;display:block;\">Tweet<\/a><\/div><p>Tweet No dia dia 22\/5, a Assembleia Legislativa de S\u00e3o Paulo realizou uma audi\u00eancia p\u00fablica sobre as cotas e o foco foram as universidades paulistas. O que se viu de um lado foi uma juventude organizada que lotou o audit\u00f3rio e que quer cobrar do Estado de S\u00e3o Paulo pol\u00edticas de a\u00e7\u00e3o afirmativa as quais, [&hellip;]<\/p>\n","protected":false},"author":1,"featured_media":0,"comment_status":"open","ping_status":"open","sticky":false,"template":"","format":"standard","meta":{"footnotes":""},"categories":[4,3],"tags":[],"yoast_head":"<!-- This site is optimized with the Yoast SEO plugin v16.4 - https:\/\/yoast.com\/wordpress\/plugins\/seo\/ -->\n<meta name=\"robots\" content=\"index, follow, max-snippet:-1, max-image-preview:large, max-video-preview:-1\" \/>\n<link rel=\"canonical\" href=\"https:\/\/www.quilombhoje.com.br\/blog\/?p=375\" \/>\n<meta property=\"og:locale\" content=\"pt_BR\" \/>\n<meta property=\"og:type\" content=\"article\" \/>\n<meta property=\"og:title\" content=\"SOBRE NOSSOS GANHOS E PERDAS &bull; QUILOMBHOJE\" \/>\n<meta property=\"og:description\" content=\"Tweet No dia dia 22\/5, a Assembleia Legislativa de S\u00e3o Paulo realizou uma audi\u00eancia p\u00fablica sobre as cotas e o foco foram as universidades paulistas. O que se viu de um lado foi uma juventude organizada que lotou o audit\u00f3rio e que quer cobrar do Estado de S\u00e3o Paulo pol\u00edticas de a\u00e7\u00e3o afirmativa as quais, [&hellip;]\" \/>\n<meta property=\"og:url\" content=\"https:\/\/www.quilombhoje.com.br\/blog\/?p=375\" \/>\n<meta property=\"og:site_name\" content=\"QUILOMBHOJE\" \/>\n<meta property=\"article:published_time\" content=\"2012-06-16T05:37:36+00:00\" \/>\n<meta property=\"article:modified_time\" content=\"2012-06-16T05:37:51+00:00\" \/>\n<meta name=\"twitter:card\" content=\"summary_large_image\" \/>\n<meta name=\"twitter:label1\" content=\"Est. tempo de leitura\" \/>\n\t<meta name=\"twitter:data1\" content=\"2 minutos\" \/>\n<script type=\"application\/ld+json\" class=\"yoast-schema-graph\">{\"@context\":\"https:\/\/schema.org\",\"@graph\":[{\"@type\":[\"Person\",\"Organization\"],\"@id\":\"https:\/\/www.quilombhoje.com.br\/blog\/#\/schema\/person\/ea696b395b5ec25575d4b2865cbc75a9\",\"name\":\"Marcio\",\"image\":{\"@type\":\"ImageObject\",\"@id\":\"https:\/\/www.quilombhoje.com.br\/blog\/#personlogo\",\"inLanguage\":\"pt-BR\",\"url\":\"https:\/\/secure.gravatar.com\/avatar\/7acc8449b30cfc81f163f831185a6f28?s=96&d=mm&r=g\",\"contentUrl\":\"https:\/\/secure.gravatar.com\/avatar\/7acc8449b30cfc81f163f831185a6f28?s=96&d=mm&r=g\",\"caption\":\"Marcio\"},\"logo\":{\"@id\":\"https:\/\/www.quilombhoje.com.br\/blog\/#personlogo\"}},{\"@type\":\"WebSite\",\"@id\":\"https:\/\/www.quilombhoje.com.br\/blog\/#website\",\"url\":\"https:\/\/www.quilombhoje.com.br\/blog\/\",\"name\":\"blog Quilombhoje\",\"description\":\"Informes, coment\\u00e1rios e outras coisas\",\"publisher\":{\"@id\":\"https:\/\/www.quilombhoje.com.br\/blog\/#\/schema\/person\/ea696b395b5ec25575d4b2865cbc75a9\"},\"potentialAction\":[{\"@type\":\"SearchAction\",\"target\":\"https:\/\/www.quilombhoje.com.br\/blog\/?s={search_term_string}\",\"query-input\":\"required name=search_term_string\"}],\"inLanguage\":\"pt-BR\"},{\"@type\":\"WebPage\",\"@id\":\"https:\/\/www.quilombhoje.com.br\/blog\/?p=375#webpage\",\"url\":\"https:\/\/www.quilombhoje.com.br\/blog\/?p=375\",\"name\":\"SOBRE NOSSOS GANHOS E PERDAS &bull; QUILOMBHOJE\",\"isPartOf\":{\"@id\":\"https:\/\/www.quilombhoje.com.br\/blog\/#website\"},\"datePublished\":\"2012-06-16T05:37:36+00:00\",\"dateModified\":\"2012-06-16T05:37:51+00:00\",\"breadcrumb\":{\"@id\":\"https:\/\/www.quilombhoje.com.br\/blog\/?p=375#breadcrumb\"},\"inLanguage\":\"pt-BR\",\"potentialAction\":[{\"@type\":\"ReadAction\",\"target\":[\"https:\/\/www.quilombhoje.com.br\/blog\/?p=375\"]}]},{\"@type\":\"BreadcrumbList\",\"@id\":\"https:\/\/www.quilombhoje.com.br\/blog\/?p=375#breadcrumb\",\"itemListElement\":[{\"@type\":\"ListItem\",\"position\":1,\"item\":{\"@type\":\"WebPage\",\"@id\":\"https:\/\/www.quilombhoje.com.br\/blog\/\",\"url\":\"https:\/\/www.quilombhoje.com.br\/blog\/\",\"name\":\"In\\u00edcio\"}},{\"@type\":\"ListItem\",\"position\":2,\"item\":{\"@id\":\"https:\/\/www.quilombhoje.com.br\/blog\/?p=375#webpage\"}}]},{\"@type\":\"Article\",\"@id\":\"https:\/\/www.quilombhoje.com.br\/blog\/?p=375#article\",\"isPartOf\":{\"@id\":\"https:\/\/www.quilombhoje.com.br\/blog\/?p=375#webpage\"},\"author\":{\"@id\":\"https:\/\/www.quilombhoje.com.br\/blog\/#\/schema\/person\/9ba2ceab01e5661dfc52a9b99880a579\"},\"headline\":\"SOBRE NOSSOS GANHOS E PERDAS\",\"datePublished\":\"2012-06-16T05:37:36+00:00\",\"dateModified\":\"2012-06-16T05:37:51+00:00\",\"mainEntityOfPage\":{\"@id\":\"https:\/\/www.quilombhoje.com.br\/blog\/?p=375#webpage\"},\"wordCount\":396,\"commentCount\":0,\"publisher\":{\"@id\":\"https:\/\/www.quilombhoje.com.br\/blog\/#\/schema\/person\/ea696b395b5ec25575d4b2865cbc75a9\"},\"articleSection\":[\"Coment\\u00e1rios\",\"Informes\"],\"inLanguage\":\"pt-BR\",\"potentialAction\":[{\"@type\":\"CommentAction\",\"name\":\"Comment\",\"target\":[\"https:\/\/www.quilombhoje.com.br\/blog\/?p=375#respond\"]}]},{\"@type\":\"Person\",\"@id\":\"https:\/\/www.quilombhoje.com.br\/blog\/#\/schema\/person\/9ba2ceab01e5661dfc52a9b99880a579\",\"name\":\"admin\",\"image\":{\"@type\":\"ImageObject\",\"@id\":\"https:\/\/www.quilombhoje.com.br\/blog\/#personlogo\",\"inLanguage\":\"pt-BR\",\"url\":\"https:\/\/secure.gravatar.com\/avatar\/0638aed368a4753a7e82bd6c536f8048?s=96&d=mm&r=g\",\"contentUrl\":\"https:\/\/secure.gravatar.com\/avatar\/0638aed368a4753a7e82bd6c536f8048?s=96&d=mm&r=g\",\"caption\":\"admin\"},\"url\":\"https:\/\/www.quilombhoje.com.br\/blog\/?author=1\"}]}<\/script>\n<!-- \/ Yoast SEO plugin. -->","_links":{"self":[{"href":"https:\/\/www.quilombhoje.com.br\/blog\/index.php?rest_route=\/wp\/v2\/posts\/375"}],"collection":[{"href":"https:\/\/www.quilombhoje.com.br\/blog\/index.php?rest_route=\/wp\/v2\/posts"}],"about":[{"href":"https:\/\/www.quilombhoje.com.br\/blog\/index.php?rest_route=\/wp\/v2\/types\/post"}],"author":[{"embeddable":true,"href":"https:\/\/www.quilombhoje.com.br\/blog\/index.php?rest_route=\/wp\/v2\/users\/1"}],"replies":[{"embeddable":true,"href":"https:\/\/www.quilombhoje.com.br\/blog\/index.php?rest_route=%2Fwp%2Fv2%2Fcomments&post=375"}],"version-history":[{"count":4,"href":"https:\/\/www.quilombhoje.com.br\/blog\/index.php?rest_route=\/wp\/v2\/posts\/375\/revisions"}],"predecessor-version":[{"id":379,"href":"https:\/\/www.quilombhoje.com.br\/blog\/index.php?rest_route=\/wp\/v2\/posts\/375\/revisions\/379"}],"wp:attachment":[{"href":"https:\/\/www.quilombhoje.com.br\/blog\/index.php?rest_route=%2Fwp%2Fv2%2Fmedia&parent=375"}],"wp:term":[{"taxonomy":"category","embeddable":true,"href":"https:\/\/www.quilombhoje.com.br\/blog\/index.php?rest_route=%2Fwp%2Fv2%2Fcategories&post=375"},{"taxonomy":"post_tag","embeddable":true,"href":"https:\/\/www.quilombhoje.com.br\/blog\/index.php?rest_route=%2Fwp%2Fv2%2Ftags&post=375"}],"curies":[{"name":"wp","href":"https:\/\/api.w.org\/{rel}","templated":true}]}}