{"id":362,"date":"2012-05-04T14:55:09","date_gmt":"2012-05-04T14:55:09","guid":{"rendered":"http:\/\/www.quilombhoje.com.br\/blog\/?p=362"},"modified":"2012-05-04T14:57:21","modified_gmt":"2012-05-04T14:57:21","slug":"conceicao-evaristo-uma-das-colaboradoras-de-cadernos-negros-participou-da-recente-bienal-de-brasilia-seguem-trechos-de-artigo-da-agencia-brasil-sobre-essa-participacao","status":"publish","type":"post","link":"https:\/\/www.quilombhoje.com.br\/blog\/?p=362","title":{"rendered":"Concei\u00e7\u00e3o Evaristo, uma das colaboradoras de Cadernos Negros, participou da recente Bienal de Bras\u00edlia. Seguem trechos de artigo da Ag\u00eancia Brasil sobre essa participa\u00e7\u00e3o:"},"content":{"rendered":"<div id=\"tweetbutton362\" class=\"tw_button\" style=\"\"><a href=\"http:\/\/twitter.com\/share?url=https%3A%2F%2Fwww.quilombhoje.com.br%2Fblog%2F%3Fp%3D362&amp;text=Concei%C3%A7%C3%A3o%20Evaristo%2C%20uma%20das%20colaboradoras%20de%20Cadernos%20Negros%2C%20participou%20da%20recente%20Bienal%20de%20Bras%C3%ADlia....%20&amp;related=&amp;lang=en&amp;count=horizontal&amp;counturl=https%3A%2F%2Fwww.quilombhoje.com.br%2Fblog%2F%3Fp%3D362\" class=\"twitter-share-button\"  style=\"width:55px;height:22px;background:transparent url('https:\/\/www.quilombhoje.com.br\/blog\/wp-content\/plugins\/wp-tweet-button\/tweetn.png') no-repeat  0 0;text-align:left;text-indent:-9999px;display:block;\">Tweet<\/a><\/div><div id=\"fcbk_share\"><div class=\"fcbk_button\">\n\t\t\t\t\t\t\t<a href=\"http:\/\/www.facebook.com\/\"\ttarget=\"_blank\">\n\t\t\t\t\t\t\t\t<img decoding=\"async\" src=\"http:\/\/www.quilombhoje.com.br\/blog\/wp-content\/plugins\/facebook-button-plugin\/img\/standart-facebook-ico.png\" alt=\"Fb-Button\" \/>\n\t\t\t\t\t\t\t<\/a>\n\t\t\t\t\t\t<\/div><div class=\"fcbk_like\">\n\t\t\t\t\t\t\t<div id=\"fb-root\"><\/div>\n\t\t\t\t\t\t\t<script src=\"http:\/\/connect.facebook.net\/pt_BR\/all.js#appId=224313110927811&amp;xfbml=1\"><\/script>\n\t\t\t\t\t\t\t<fb:like href=\"https:\/\/www.quilombhoje.com.br\/blog\/?p=362\" send=\"false\" layout=\"button_count\" width=\"450\" show_faces=\"false\" font=\"\"><\/fb:like>\n\t\t\t\t\t\t<\/div><\/div><p>Bras\u00edlia \u2013 A escritora mineira Concei\u00e7\u00e3o Evaristo defendeu, durante debate na 1a Bienal do Livro e da Leitura, a escrita como um direito de todos. \u201cTanto como com a sa\u00fade e a educa\u00e7\u00e3o, as popula\u00e7\u00f5es pobres e as mulheres t\u00eam direito de se apropriar de um instrumento que, por vezes, \u00e9 encarado como propriedade de certos estratos sociais\u201d, disse.<\/p>\n<p>Para ela, esses grupos precisam garantir o acesso \u00e0 linguagem, \u00e0 leitura e \u00e0 escrita ou estar\u00e3o sendo lesados em sua cidadania. \u201cEssas popula\u00e7\u00f5es precisam se apropriar desse direito para uma cidadania plena. O dom\u00ednio da leitura e escrita \u00e9 essencial, principalmente, em uma sociedade em que vale o que est\u00e1 escrito\u201d, defendeu a autora de Ponci\u00e1 Vic\u00eancio.<\/p>\n<p>Em um debate sobre o papel do negro na literatura brasileira, Concei\u00e7\u00e3o lembrou da constru\u00e7\u00e3o ficcional de personagens negras, principalmente a de mulheres a quem, em geral, \u00e9 negado o direito \u00e0 maternidade. \u201cNa literatura brasileira, nossas mulheres negras n\u00e3o s\u00e3o m\u00e3es. No m\u00e1ximo, a m\u00e3e preta, que cuida da prole alheia\u201d, disse a escritora mineira.<\/p>\n<p>Para ela, da mesma forma que o discurso hist\u00f3rico tenta esconder os feitos e as contribui\u00e7\u00f5es de negros africanos para a constru\u00e7\u00e3o do Brasil, a literatura pode estar caminhando nessa mesma dire\u00e7\u00e3o ao silenciar personagens negras. Ela citou romances comoS\u00e3o Bernardo, de Graciliano Ramos, e Agosto, de Rubem Fonseca, como exemplos de textos em que os negros existem como personagens, mas n\u00e3o t\u00eam direito \u00e0 fala.\u00a0 \u201cO que uma fic\u00e7\u00e3o que cria personagens sem fala est\u00e1 construindo? A literatura brasileira nega a presen\u00e7a negra na constitui\u00e7\u00e3o da nacionalidade brasileira?\u201d.<\/p>\n<p>Perguntada sobre estrat\u00e9gias para quebrar esse silenciamento \u2013 tanto na literatura como na vida das mulheres \u2013,\u00a0 ela citou a educa\u00e7\u00e3o como ponto priorit\u00e1rio. \u201c\u00c9 a quest\u00e3o de furar brechas, de se apropriar de determinados conhecimentos. Volto \u00e0 quest\u00e3o da escrita, da alfabetiza\u00e7\u00e3o. [\u00c9 preciso] furar esses espa\u00e7os e se apropriar dessas ferramentas que, se n\u00e3o propiciam um lugar melhor economicamente, propiciam possibilidade de cr\u00edtica e enfrentamento.\u201d<\/p>\n<p>No mesmo debate, o sambista e escritor Nei Lopes defendeu a exist\u00eancia de uma literatura afro-brasileira. \u201cA literatura negra existe. Ela [a literatura] \u00e9 um conjunto de cria\u00e7\u00f5es que se referem a determinado contexto geogr\u00e1fico, lingu\u00edstico ou temporal. No caso da literatura afro-brasileira, o elo \u00e9 a quest\u00e3o identit\u00e1ria [que cria identidade]\u201d, defendeu o autor da Enciclop\u00e9dia Brasileira da Di\u00e1spora Africana.<\/p>\n<p>Artigo original de L\u00edlian Beraldo e Juliana C\u00e9zar Nunes<br \/>\nRep\u00f3rteres da EBC<\/p>\n<p><\/p>","protected":false},"excerpt":{"rendered":"<div id=\"tweetbutton362\" class=\"tw_button\" style=\"\"><a href=\"http:\/\/twitter.com\/share?url=https%3A%2F%2Fwww.quilombhoje.com.br%2Fblog%2F%3Fp%3D362&amp;text=Concei%C3%A7%C3%A3o%20Evaristo%2C%20uma%20das%20colaboradoras%20de%20Cadernos%20Negros%2C%20participou%20da%20recente%20Bienal%20de%20Bras%C3%ADlia....%20&amp;related=&amp;lang=en&amp;count=horizontal&amp;counturl=https%3A%2F%2Fwww.quilombhoje.com.br%2Fblog%2F%3Fp%3D362\" class=\"twitter-share-button\"  style=\"width:55px;height:22px;background:transparent url('https:\/\/www.quilombhoje.com.br\/blog\/wp-content\/plugins\/wp-tweet-button\/tweetn.png') no-repeat  0 0;text-align:left;text-indent:-9999px;display:block;\">Tweet<\/a><\/div><p>Tweet Bras\u00edlia \u2013 A escritora mineira Concei\u00e7\u00e3o Evaristo defendeu, durante debate na 1a Bienal do Livro e da Leitura, a escrita como um direito de todos. \u201cTanto como com a sa\u00fade e a educa\u00e7\u00e3o, as popula\u00e7\u00f5es pobres e as mulheres t\u00eam direito de se apropriar de um instrumento que, por vezes, \u00e9 encarado como propriedade [&hellip;]<\/p>\n","protected":false},"author":1,"featured_media":0,"comment_status":"open","ping_status":"open","sticky":false,"template":"","format":"standard","meta":{"footnotes":""},"categories":[1],"tags":[],"yoast_head":"<!-- This site is optimized with the Yoast SEO plugin v16.4 - https:\/\/yoast.com\/wordpress\/plugins\/seo\/ -->\n<meta name=\"robots\" content=\"index, follow, max-snippet:-1, max-image-preview:large, max-video-preview:-1\" \/>\n<link rel=\"canonical\" href=\"https:\/\/www.quilombhoje.com.br\/blog\/?p=362\" \/>\n<meta property=\"og:locale\" content=\"pt_BR\" \/>\n<meta property=\"og:type\" content=\"article\" \/>\n<meta property=\"og:title\" content=\"Concei\u00e7\u00e3o Evaristo, uma das colaboradoras de Cadernos Negros, participou da recente Bienal de Bras\u00edlia. Seguem trechos de artigo da Ag\u00eancia Brasil sobre essa participa\u00e7\u00e3o:  &bull; QUILOMBHOJE\" \/>\n<meta property=\"og:description\" content=\"Tweet Bras\u00edlia \u2013 A escritora mineira Concei\u00e7\u00e3o Evaristo defendeu, durante debate na 1a Bienal do Livro e da Leitura, a escrita como um direito de todos. \u201cTanto como com a sa\u00fade e a educa\u00e7\u00e3o, as popula\u00e7\u00f5es pobres e as mulheres t\u00eam direito de se apropriar de um instrumento que, por vezes, \u00e9 encarado como propriedade [&hellip;]\" \/>\n<meta property=\"og:url\" content=\"https:\/\/www.quilombhoje.com.br\/blog\/?p=362\" \/>\n<meta property=\"og:site_name\" content=\"QUILOMBHOJE\" \/>\n<meta property=\"article:published_time\" content=\"2012-05-04T14:55:09+00:00\" \/>\n<meta property=\"article:modified_time\" content=\"2012-05-04T14:57:21+00:00\" \/>\n<meta name=\"twitter:card\" content=\"summary_large_image\" \/>\n<meta name=\"twitter:label1\" content=\"Est. tempo de leitura\" \/>\n\t<meta name=\"twitter:data1\" content=\"2 minutos\" \/>\n<script type=\"application\/ld+json\" class=\"yoast-schema-graph\">{\"@context\":\"https:\/\/schema.org\",\"@graph\":[{\"@type\":[\"Person\",\"Organization\"],\"@id\":\"https:\/\/www.quilombhoje.com.br\/blog\/#\/schema\/person\/ea696b395b5ec25575d4b2865cbc75a9\",\"name\":\"Marcio\",\"image\":{\"@type\":\"ImageObject\",\"@id\":\"https:\/\/www.quilombhoje.com.br\/blog\/#personlogo\",\"inLanguage\":\"pt-BR\",\"url\":\"https:\/\/secure.gravatar.com\/avatar\/7acc8449b30cfc81f163f831185a6f28?s=96&d=mm&r=g\",\"contentUrl\":\"https:\/\/secure.gravatar.com\/avatar\/7acc8449b30cfc81f163f831185a6f28?s=96&d=mm&r=g\",\"caption\":\"Marcio\"},\"logo\":{\"@id\":\"https:\/\/www.quilombhoje.com.br\/blog\/#personlogo\"}},{\"@type\":\"WebSite\",\"@id\":\"https:\/\/www.quilombhoje.com.br\/blog\/#website\",\"url\":\"https:\/\/www.quilombhoje.com.br\/blog\/\",\"name\":\"blog Quilombhoje\",\"description\":\"Informes, coment\\u00e1rios e outras coisas\",\"publisher\":{\"@id\":\"https:\/\/www.quilombhoje.com.br\/blog\/#\/schema\/person\/ea696b395b5ec25575d4b2865cbc75a9\"},\"potentialAction\":[{\"@type\":\"SearchAction\",\"target\":\"https:\/\/www.quilombhoje.com.br\/blog\/?s={search_term_string}\",\"query-input\":\"required name=search_term_string\"}],\"inLanguage\":\"pt-BR\"},{\"@type\":\"WebPage\",\"@id\":\"https:\/\/www.quilombhoje.com.br\/blog\/?p=362#webpage\",\"url\":\"https:\/\/www.quilombhoje.com.br\/blog\/?p=362\",\"name\":\"Concei\\u00e7\\u00e3o Evaristo, uma das colaboradoras de Cadernos Negros, participou da recente Bienal de Bras\\u00edlia. Seguem trechos de artigo da Ag\\u00eancia Brasil sobre essa participa\\u00e7\\u00e3o: &bull; QUILOMBHOJE\",\"isPartOf\":{\"@id\":\"https:\/\/www.quilombhoje.com.br\/blog\/#website\"},\"datePublished\":\"2012-05-04T14:55:09+00:00\",\"dateModified\":\"2012-05-04T14:57:21+00:00\",\"breadcrumb\":{\"@id\":\"https:\/\/www.quilombhoje.com.br\/blog\/?p=362#breadcrumb\"},\"inLanguage\":\"pt-BR\",\"potentialAction\":[{\"@type\":\"ReadAction\",\"target\":[\"https:\/\/www.quilombhoje.com.br\/blog\/?p=362\"]}]},{\"@type\":\"BreadcrumbList\",\"@id\":\"https:\/\/www.quilombhoje.com.br\/blog\/?p=362#breadcrumb\",\"itemListElement\":[{\"@type\":\"ListItem\",\"position\":1,\"item\":{\"@type\":\"WebPage\",\"@id\":\"https:\/\/www.quilombhoje.com.br\/blog\/\",\"url\":\"https:\/\/www.quilombhoje.com.br\/blog\/\",\"name\":\"In\\u00edcio\"}},{\"@type\":\"ListItem\",\"position\":2,\"item\":{\"@id\":\"https:\/\/www.quilombhoje.com.br\/blog\/?p=362#webpage\"}}]},{\"@type\":\"Article\",\"@id\":\"https:\/\/www.quilombhoje.com.br\/blog\/?p=362#article\",\"isPartOf\":{\"@id\":\"https:\/\/www.quilombhoje.com.br\/blog\/?p=362#webpage\"},\"author\":{\"@id\":\"https:\/\/www.quilombhoje.com.br\/blog\/#\/schema\/person\/9ba2ceab01e5661dfc52a9b99880a579\"},\"headline\":\"Concei\\u00e7\\u00e3o Evaristo, uma das colaboradoras de Cadernos Negros, participou da recente Bienal de Bras\\u00edlia. Seguem trechos de artigo da Ag\\u00eancia Brasil sobre essa participa\\u00e7\\u00e3o:\",\"datePublished\":\"2012-05-04T14:55:09+00:00\",\"dateModified\":\"2012-05-04T14:57:21+00:00\",\"mainEntityOfPage\":{\"@id\":\"https:\/\/www.quilombhoje.com.br\/blog\/?p=362#webpage\"},\"wordCount\":461,\"commentCount\":0,\"publisher\":{\"@id\":\"https:\/\/www.quilombhoje.com.br\/blog\/#\/schema\/person\/ea696b395b5ec25575d4b2865cbc75a9\"},\"inLanguage\":\"pt-BR\",\"potentialAction\":[{\"@type\":\"CommentAction\",\"name\":\"Comment\",\"target\":[\"https:\/\/www.quilombhoje.com.br\/blog\/?p=362#respond\"]}]},{\"@type\":\"Person\",\"@id\":\"https:\/\/www.quilombhoje.com.br\/blog\/#\/schema\/person\/9ba2ceab01e5661dfc52a9b99880a579\",\"name\":\"admin\",\"image\":{\"@type\":\"ImageObject\",\"@id\":\"https:\/\/www.quilombhoje.com.br\/blog\/#personlogo\",\"inLanguage\":\"pt-BR\",\"url\":\"https:\/\/secure.gravatar.com\/avatar\/0638aed368a4753a7e82bd6c536f8048?s=96&d=mm&r=g\",\"contentUrl\":\"https:\/\/secure.gravatar.com\/avatar\/0638aed368a4753a7e82bd6c536f8048?s=96&d=mm&r=g\",\"caption\":\"admin\"},\"url\":\"https:\/\/www.quilombhoje.com.br\/blog\/?author=1\"}]}<\/script>\n<!-- \/ Yoast SEO plugin. -->","_links":{"self":[{"href":"https:\/\/www.quilombhoje.com.br\/blog\/index.php?rest_route=\/wp\/v2\/posts\/362"}],"collection":[{"href":"https:\/\/www.quilombhoje.com.br\/blog\/index.php?rest_route=\/wp\/v2\/posts"}],"about":[{"href":"https:\/\/www.quilombhoje.com.br\/blog\/index.php?rest_route=\/wp\/v2\/types\/post"}],"author":[{"embeddable":true,"href":"https:\/\/www.quilombhoje.com.br\/blog\/index.php?rest_route=\/wp\/v2\/users\/1"}],"replies":[{"embeddable":true,"href":"https:\/\/www.quilombhoje.com.br\/blog\/index.php?rest_route=%2Fwp%2Fv2%2Fcomments&post=362"}],"version-history":[{"count":2,"href":"https:\/\/www.quilombhoje.com.br\/blog\/index.php?rest_route=\/wp\/v2\/posts\/362\/revisions"}],"predecessor-version":[{"id":364,"href":"https:\/\/www.quilombhoje.com.br\/blog\/index.php?rest_route=\/wp\/v2\/posts\/362\/revisions\/364"}],"wp:attachment":[{"href":"https:\/\/www.quilombhoje.com.br\/blog\/index.php?rest_route=%2Fwp%2Fv2%2Fmedia&parent=362"}],"wp:term":[{"taxonomy":"category","embeddable":true,"href":"https:\/\/www.quilombhoje.com.br\/blog\/index.php?rest_route=%2Fwp%2Fv2%2Fcategories&post=362"},{"taxonomy":"post_tag","embeddable":true,"href":"https:\/\/www.quilombhoje.com.br\/blog\/index.php?rest_route=%2Fwp%2Fv2%2Ftags&post=362"}],"curies":[{"name":"wp","href":"https:\/\/api.w.org\/{rel}","templated":true}]}}