{"id":31,"date":"2010-02-26T16:52:12","date_gmt":"2010-02-26T16:52:12","guid":{"rendered":"http:\/\/www.quilombhoje.com.br\/blog\/?p=31"},"modified":"2010-02-26T16:58:54","modified_gmt":"2010-02-26T16:58:54","slug":"premio-cultura-afro","status":"publish","type":"post","link":"https:\/\/www.quilombhoje.com.br\/blog\/?p=31","title":{"rendered":"Pr\u00eamio Cultura Afro"},"content":{"rendered":"<div id=\"tweetbutton31\" class=\"tw_button\" style=\"\"><a href=\"http:\/\/twitter.com\/share?url=https%3A%2F%2Fwww.quilombhoje.com.br%2Fblog%2F%3Fp%3D31&amp;text=Pr%C3%AAmio%20Cultura%20Afro&amp;related=&amp;lang=en&amp;count=horizontal&amp;counturl=https%3A%2F%2Fwww.quilombhoje.com.br%2Fblog%2F%3Fp%3D31\" class=\"twitter-share-button\"  style=\"width:55px;height:22px;background:transparent url('https:\/\/www.quilombhoje.com.br\/blog\/wp-content\/plugins\/wp-tweet-button\/tweetn.png') no-repeat  0 0;text-align:left;text-indent:-9999px;display:block;\">Tweet<\/a><\/div><div id=\"fcbk_share\"><div class=\"fcbk_button\">\n\t\t\t\t\t\t\t<a href=\"http:\/\/www.facebook.com\/\"\ttarget=\"_blank\">\n\t\t\t\t\t\t\t\t<img decoding=\"async\" src=\"http:\/\/www.quilombhoje.com.br\/blog\/wp-content\/plugins\/facebook-button-plugin\/img\/standart-facebook-ico.png\" alt=\"Fb-Button\" \/>\n\t\t\t\t\t\t\t<\/a>\n\t\t\t\t\t\t<\/div><div class=\"fcbk_like\">\n\t\t\t\t\t\t\t<div id=\"fb-root\"><\/div>\n\t\t\t\t\t\t\t<script src=\"http:\/\/connect.facebook.net\/pt_BR\/all.js#appId=224313110927811&amp;xfbml=1\"><\/script>\n\t\t\t\t\t\t\t<fb:like href=\"https:\/\/www.quilombhoje.com.br\/blog\/?p=31\" send=\"false\" layout=\"button_count\" width=\"450\" show_faces=\"false\" font=\"\"><\/fb:like>\n\t\t\t\t\t\t<\/div><\/div><p>O Minist\u00e9rio da Cultura est\u00e1 com um edital aberto para um pr\u00eamio na \u00e1rea de cultura afro-brasileira, at\u00e9 o pr\u00f3ximo dia 05. Segundo o Minc:<\/p>\n<p>&#8220;O Pr\u00eamio Express\u00f5es Culturais Afrobrasileiras foi concebido em 2006, ap\u00f3s o II F\u00f3rum Nacional de Performance Negra, realizado no Teatro Vila Velha, em Salvador. Um dos temas mais debatidos no f\u00f3rum tratava da aus\u00eancia de editais p\u00fablicos e de linhas de financiamento direcionadas exclusivamente para o desenvolvimento de artistas, grupos e companhias que trabalham com a produ\u00e7\u00e3o art\u00edstica de est\u00e9tica negra.<\/p>\n<p>Nesta primeira edi\u00e7\u00e3o ser\u00e3o contemplados tr\u00eas segmentos:<\/p>\n<p>\u00b7 Teatro<br \/>\n\u00b7 Dan\u00e7a<br \/>\n\u00b7 Artes Visuais<\/p>\n<p>O Pr\u00eamio \u00e9 realizado pelo CADON &#8211; Centro de Apoio ao Desenvolvimento Osvaldo dos Santos Neves, em conjunto com a Funda\u00e7\u00e3o Cultural Palmares &#8211; FCP e com patroc\u00ednio da Petrobras.<\/p>\n<p>Confira o Edital do pr\u00eamio.<\/p>\n<p>Mais informa\u00e7\u00f5es: www.premioafro.org<\/p>\n<p>Esclarecimento de d\u00favidas: secretaria@premioafro.org, telefone (21) 2533-1171.&#8221;<\/p>\n<p><\/p>","protected":false},"excerpt":{"rendered":"<div id=\"tweetbutton31\" class=\"tw_button\" style=\"\"><a href=\"http:\/\/twitter.com\/share?url=https%3A%2F%2Fwww.quilombhoje.com.br%2Fblog%2F%3Fp%3D31&amp;text=Pr%C3%AAmio%20Cultura%20Afro&amp;related=&amp;lang=en&amp;count=horizontal&amp;counturl=https%3A%2F%2Fwww.quilombhoje.com.br%2Fblog%2F%3Fp%3D31\" class=\"twitter-share-button\"  style=\"width:55px;height:22px;background:transparent url('https:\/\/www.quilombhoje.com.br\/blog\/wp-content\/plugins\/wp-tweet-button\/tweetn.png') no-repeat  0 0;text-align:left;text-indent:-9999px;display:block;\">Tweet<\/a><\/div><p>Tweet O Minist\u00e9rio da Cultura est\u00e1 com um edital aberto para um pr\u00eamio na \u00e1rea de cultura afro-brasileira, at\u00e9 o pr\u00f3ximo dia 05. Segundo o Minc: &#8220;O Pr\u00eamio Express\u00f5es Culturais Afrobrasileiras foi concebido em 2006, ap\u00f3s o II F\u00f3rum Nacional de Performance Negra, realizado no Teatro Vila Velha, em Salvador. Um dos temas mais debatidos [&hellip;]<\/p>\n","protected":false},"author":2,"featured_media":0,"comment_status":"closed","ping_status":"closed","sticky":false,"template":"","format":"standard","meta":{"footnotes":""},"categories":[3],"tags":[],"yoast_head":"<!-- This site is optimized with the Yoast SEO plugin v16.4 - https:\/\/yoast.com\/wordpress\/plugins\/seo\/ -->\n<meta name=\"robots\" content=\"index, follow, max-snippet:-1, max-image-preview:large, max-video-preview:-1\" \/>\n<link rel=\"canonical\" href=\"https:\/\/www.quilombhoje.com.br\/blog\/?p=31\" \/>\n<meta property=\"og:locale\" content=\"pt_BR\" \/>\n<meta property=\"og:type\" content=\"article\" \/>\n<meta property=\"og:title\" content=\"Pr\u00eamio Cultura Afro &bull; QUILOMBHOJE\" \/>\n<meta property=\"og:description\" content=\"Tweet O Minist\u00e9rio da Cultura est\u00e1 com um edital aberto para um pr\u00eamio na \u00e1rea de cultura afro-brasileira, at\u00e9 o pr\u00f3ximo dia 05. Segundo o Minc: &#8220;O Pr\u00eamio Express\u00f5es Culturais Afrobrasileiras foi concebido em 2006, ap\u00f3s o II F\u00f3rum Nacional de Performance Negra, realizado no Teatro Vila Velha, em Salvador. Um dos temas mais debatidos [&hellip;]\" \/>\n<meta property=\"og:url\" content=\"https:\/\/www.quilombhoje.com.br\/blog\/?p=31\" \/>\n<meta property=\"og:site_name\" content=\"QUILOMBHOJE\" \/>\n<meta property=\"article:published_time\" content=\"2010-02-26T16:52:12+00:00\" \/>\n<meta property=\"article:modified_time\" content=\"2010-02-26T16:58:54+00:00\" \/>\n<meta name=\"twitter:card\" content=\"summary_large_image\" \/>\n<meta name=\"twitter:label1\" content=\"Est. tempo de leitura\" \/>\n\t<meta name=\"twitter:data1\" content=\"1 minuto\" \/>\n<script type=\"application\/ld+json\" class=\"yoast-schema-graph\">{\"@context\":\"https:\/\/schema.org\",\"@graph\":[{\"@type\":\"WebSite\",\"@id\":\"https:\/\/www.quilombhoje.com.br\/blog\/#website\",\"url\":\"https:\/\/www.quilombhoje.com.br\/blog\/\",\"name\":\"blog Quilombhoje\",\"description\":\"Informes, coment\\u00e1rios e outras coisas\",\"publisher\":{\"@id\":\"https:\/\/www.quilombhoje.com.br\/blog\/#\/schema\/person\/ea696b395b5ec25575d4b2865cbc75a9\"},\"potentialAction\":[{\"@type\":\"SearchAction\",\"target\":\"https:\/\/www.quilombhoje.com.br\/blog\/?s={search_term_string}\",\"query-input\":\"required name=search_term_string\"}],\"inLanguage\":\"pt-BR\"},{\"@type\":\"WebPage\",\"@id\":\"https:\/\/www.quilombhoje.com.br\/blog\/?p=31#webpage\",\"url\":\"https:\/\/www.quilombhoje.com.br\/blog\/?p=31\",\"name\":\"Pr\\u00eamio Cultura Afro &bull; QUILOMBHOJE\",\"isPartOf\":{\"@id\":\"https:\/\/www.quilombhoje.com.br\/blog\/#website\"},\"datePublished\":\"2010-02-26T16:52:12+00:00\",\"dateModified\":\"2010-02-26T16:58:54+00:00\",\"breadcrumb\":{\"@id\":\"https:\/\/www.quilombhoje.com.br\/blog\/?p=31#breadcrumb\"},\"inLanguage\":\"pt-BR\",\"potentialAction\":[{\"@type\":\"ReadAction\",\"target\":[\"https:\/\/www.quilombhoje.com.br\/blog\/?p=31\"]}]},{\"@type\":\"BreadcrumbList\",\"@id\":\"https:\/\/www.quilombhoje.com.br\/blog\/?p=31#breadcrumb\",\"itemListElement\":[{\"@type\":\"ListItem\",\"position\":1,\"item\":{\"@type\":\"WebPage\",\"@id\":\"https:\/\/www.quilombhoje.com.br\/blog\/\",\"url\":\"https:\/\/www.quilombhoje.com.br\/blog\/\",\"name\":\"In\\u00edcio\"}},{\"@type\":\"ListItem\",\"position\":2,\"item\":{\"@id\":\"https:\/\/www.quilombhoje.com.br\/blog\/?p=31#webpage\"}}]},{\"@type\":\"Article\",\"@id\":\"https:\/\/www.quilombhoje.com.br\/blog\/?p=31#article\",\"isPartOf\":{\"@id\":\"https:\/\/www.quilombhoje.com.br\/blog\/?p=31#webpage\"},\"author\":{\"@id\":\"https:\/\/www.quilombhoje.com.br\/blog\/#\/schema\/person\/ea696b395b5ec25575d4b2865cbc75a9\"},\"headline\":\"Pr\\u00eamio Cultura Afro\",\"datePublished\":\"2010-02-26T16:52:12+00:00\",\"dateModified\":\"2010-02-26T16:58:54+00:00\",\"mainEntityOfPage\":{\"@id\":\"https:\/\/www.quilombhoje.com.br\/blog\/?p=31#webpage\"},\"wordCount\":169,\"publisher\":{\"@id\":\"https:\/\/www.quilombhoje.com.br\/blog\/#\/schema\/person\/ea696b395b5ec25575d4b2865cbc75a9\"},\"articleSection\":[\"Informes\"],\"inLanguage\":\"pt-BR\"},{\"@type\":[\"Person\",\"Organization\"],\"@id\":\"https:\/\/www.quilombhoje.com.br\/blog\/#\/schema\/person\/ea696b395b5ec25575d4b2865cbc75a9\",\"name\":\"Marcio\",\"image\":{\"@type\":\"ImageObject\",\"@id\":\"https:\/\/www.quilombhoje.com.br\/blog\/#personlogo\",\"inLanguage\":\"pt-BR\",\"url\":\"https:\/\/secure.gravatar.com\/avatar\/7acc8449b30cfc81f163f831185a6f28?s=96&d=mm&r=g\",\"contentUrl\":\"https:\/\/secure.gravatar.com\/avatar\/7acc8449b30cfc81f163f831185a6f28?s=96&d=mm&r=g\",\"caption\":\"Marcio\"},\"logo\":{\"@id\":\"https:\/\/www.quilombhoje.com.br\/blog\/#personlogo\"},\"url\":\"https:\/\/www.quilombhoje.com.br\/blog\/?author=2\"}]}<\/script>\n<!-- \/ Yoast SEO plugin. -->","_links":{"self":[{"href":"https:\/\/www.quilombhoje.com.br\/blog\/index.php?rest_route=\/wp\/v2\/posts\/31"}],"collection":[{"href":"https:\/\/www.quilombhoje.com.br\/blog\/index.php?rest_route=\/wp\/v2\/posts"}],"about":[{"href":"https:\/\/www.quilombhoje.com.br\/blog\/index.php?rest_route=\/wp\/v2\/types\/post"}],"author":[{"embeddable":true,"href":"https:\/\/www.quilombhoje.com.br\/blog\/index.php?rest_route=\/wp\/v2\/users\/2"}],"replies":[{"embeddable":true,"href":"https:\/\/www.quilombhoje.com.br\/blog\/index.php?rest_route=%2Fwp%2Fv2%2Fcomments&post=31"}],"version-history":[{"count":5,"href":"https:\/\/www.quilombhoje.com.br\/blog\/index.php?rest_route=\/wp\/v2\/posts\/31\/revisions"}],"predecessor-version":[{"id":35,"href":"https:\/\/www.quilombhoje.com.br\/blog\/index.php?rest_route=\/wp\/v2\/posts\/31\/revisions\/35"}],"wp:attachment":[{"href":"https:\/\/www.quilombhoje.com.br\/blog\/index.php?rest_route=%2Fwp%2Fv2%2Fmedia&parent=31"}],"wp:term":[{"taxonomy":"category","embeddable":true,"href":"https:\/\/www.quilombhoje.com.br\/blog\/index.php?rest_route=%2Fwp%2Fv2%2Fcategories&post=31"},{"taxonomy":"post_tag","embeddable":true,"href":"https:\/\/www.quilombhoje.com.br\/blog\/index.php?rest_route=%2Fwp%2Fv2%2Ftags&post=31"}],"curies":[{"name":"wp","href":"https:\/\/api.w.org\/{rel}","templated":true}]}}