{"id":23,"date":"2010-02-22T20:05:07","date_gmt":"2010-02-22T20:05:07","guid":{"rendered":"http:\/\/www.quilombhoje.com.br\/blog\/?p=23"},"modified":"2010-02-22T20:13:45","modified_gmt":"2010-02-22T20:13:45","slug":"carnaval-1","status":"publish","type":"post","link":"https:\/\/www.quilombhoje.com.br\/blog\/?p=23","title":{"rendered":"Carnaval 1"},"content":{"rendered":"<div id=\"tweetbutton23\" class=\"tw_button\" style=\"\"><a href=\"http:\/\/twitter.com\/share?url=https%3A%2F%2Fwww.quilombhoje.com.br%2Fblog%2F%3Fp%3D23&amp;text=Carnaval%201&amp;related=&amp;lang=en&amp;count=horizontal&amp;counturl=https%3A%2F%2Fwww.quilombhoje.com.br%2Fblog%2F%3Fp%3D23\" class=\"twitter-share-button\"  style=\"width:55px;height:22px;background:transparent url('https:\/\/www.quilombhoje.com.br\/blog\/wp-content\/plugins\/wp-tweet-button\/tweetn.png') no-repeat  0 0;text-align:left;text-indent:-9999px;display:block;\">Tweet<\/a><\/div><div id=\"fcbk_share\"><div class=\"fcbk_button\">\n\t\t\t\t\t\t\t<a href=\"http:\/\/www.facebook.com\/\"\ttarget=\"_blank\">\n\t\t\t\t\t\t\t\t<img decoding=\"async\" src=\"http:\/\/www.quilombhoje.com.br\/blog\/wp-content\/plugins\/facebook-button-plugin\/img\/standart-facebook-ico.png\" alt=\"Fb-Button\" \/>\n\t\t\t\t\t\t\t<\/a>\n\t\t\t\t\t\t<\/div><div class=\"fcbk_like\">\n\t\t\t\t\t\t\t<div id=\"fb-root\"><\/div>\n\t\t\t\t\t\t\t<script src=\"http:\/\/connect.facebook.net\/pt_BR\/all.js#appId=224313110927811&amp;xfbml=1\"><\/script>\n\t\t\t\t\t\t\t<fb:like href=\"https:\/\/www.quilombhoje.com.br\/blog\/?p=23\" send=\"false\" layout=\"button_count\" width=\"450\" show_faces=\"false\" font=\"\"><\/fb:like>\n\t\t\t\t\t\t<\/div><\/div><p>Ao fazermos as entrevistas para o livro Bailes, um dos temas que veio \u00e0 tona foi a participa\u00e7\u00e3o cada vez menor dos afro-descendentes no carnaval, seja nos desfiles ou na arquibancada, pelo menos em S\u00e3o Paulo. Conversando com as pessoas no dia a dia, uma das coisas que muitos acham incompreens\u00edvel \u00e9 que a comunidade trabalha o ano inteiro e quem vai para os camarotes vips s\u00e3o &#8220;midi\u00e1veis&#8221; ou &#8220;personalidades&#8221; que nem sempre t\u00eam algo a ver ou mesmo gostam de carnaval, assim como quem recebe os holofotes na passarela s\u00e3o as &#8220;musas&#8221; que sempre ocupam os espa\u00e7os da m\u00eddia. A comunidade, as fam\u00edlias, o povo que trabalha fica do lado de fora vigiado pelo grande contingente de policiais e seguran\u00e7as. Resta-nos a tev\u00ea e seu olhar enviezado, em que a c\u00e2mera nos traz a &#8220;musa&#8221; de sempre em v\u00e1rios \u00e2ngulos e closes, e passa rapidamente por aquela pretinha linda com muito samba no p\u00e9 (mas que n\u00e3o vai ser eleita &#8220;musa&#8221; pela m\u00eddia) e que ao lado de outros tantos an\u00f4nimos \u00e9 a verdadeira respons\u00e1vel pela continuidade de sua escola.<\/p>\n<p><\/p>","protected":false},"excerpt":{"rendered":"<div id=\"tweetbutton23\" class=\"tw_button\" style=\"\"><a href=\"http:\/\/twitter.com\/share?url=https%3A%2F%2Fwww.quilombhoje.com.br%2Fblog%2F%3Fp%3D23&amp;text=Carnaval%201&amp;related=&amp;lang=en&amp;count=horizontal&amp;counturl=https%3A%2F%2Fwww.quilombhoje.com.br%2Fblog%2F%3Fp%3D23\" class=\"twitter-share-button\"  style=\"width:55px;height:22px;background:transparent url('https:\/\/www.quilombhoje.com.br\/blog\/wp-content\/plugins\/wp-tweet-button\/tweetn.png') no-repeat  0 0;text-align:left;text-indent:-9999px;display:block;\">Tweet<\/a><\/div><p>Tweet Ao fazermos as entrevistas para o livro Bailes, um dos temas que veio \u00e0 tona foi a participa\u00e7\u00e3o cada vez menor dos afro-descendentes no carnaval, seja nos desfiles ou na arquibancada, pelo menos em S\u00e3o Paulo. Conversando com as pessoas no dia a dia, uma das coisas que muitos acham incompreens\u00edvel \u00e9 que a [&hellip;]<\/p>\n","protected":false},"author":2,"featured_media":0,"comment_status":"closed","ping_status":"closed","sticky":false,"template":"","format":"standard","meta":{"footnotes":""},"categories":[4],"tags":[],"yoast_head":"<!-- This site is optimized with the Yoast SEO plugin v16.4 - https:\/\/yoast.com\/wordpress\/plugins\/seo\/ -->\n<meta name=\"robots\" content=\"index, follow, max-snippet:-1, max-image-preview:large, max-video-preview:-1\" \/>\n<link rel=\"canonical\" href=\"https:\/\/www.quilombhoje.com.br\/blog\/?p=23\" \/>\n<meta property=\"og:locale\" content=\"pt_BR\" \/>\n<meta property=\"og:type\" content=\"article\" \/>\n<meta property=\"og:title\" content=\"Carnaval 1 &bull; QUILOMBHOJE\" \/>\n<meta property=\"og:description\" content=\"Tweet Ao fazermos as entrevistas para o livro Bailes, um dos temas que veio \u00e0 tona foi a participa\u00e7\u00e3o cada vez menor dos afro-descendentes no carnaval, seja nos desfiles ou na arquibancada, pelo menos em S\u00e3o Paulo. Conversando com as pessoas no dia a dia, uma das coisas que muitos acham incompreens\u00edvel \u00e9 que a [&hellip;]\" \/>\n<meta property=\"og:url\" content=\"https:\/\/www.quilombhoje.com.br\/blog\/?p=23\" \/>\n<meta property=\"og:site_name\" content=\"QUILOMBHOJE\" \/>\n<meta property=\"article:published_time\" content=\"2010-02-22T20:05:07+00:00\" \/>\n<meta property=\"article:modified_time\" content=\"2010-02-22T20:13:45+00:00\" \/>\n<meta name=\"twitter:card\" content=\"summary_large_image\" \/>\n<meta name=\"twitter:label1\" content=\"Est. tempo de leitura\" \/>\n\t<meta name=\"twitter:data1\" content=\"1 minuto\" \/>\n<script type=\"application\/ld+json\" class=\"yoast-schema-graph\">{\"@context\":\"https:\/\/schema.org\",\"@graph\":[{\"@type\":\"WebSite\",\"@id\":\"https:\/\/www.quilombhoje.com.br\/blog\/#website\",\"url\":\"https:\/\/www.quilombhoje.com.br\/blog\/\",\"name\":\"blog Quilombhoje\",\"description\":\"Informes, coment\\u00e1rios e outras coisas\",\"publisher\":{\"@id\":\"https:\/\/www.quilombhoje.com.br\/blog\/#\/schema\/person\/ea696b395b5ec25575d4b2865cbc75a9\"},\"potentialAction\":[{\"@type\":\"SearchAction\",\"target\":\"https:\/\/www.quilombhoje.com.br\/blog\/?s={search_term_string}\",\"query-input\":\"required name=search_term_string\"}],\"inLanguage\":\"pt-BR\"},{\"@type\":\"WebPage\",\"@id\":\"https:\/\/www.quilombhoje.com.br\/blog\/?p=23#webpage\",\"url\":\"https:\/\/www.quilombhoje.com.br\/blog\/?p=23\",\"name\":\"Carnaval 1 &bull; QUILOMBHOJE\",\"isPartOf\":{\"@id\":\"https:\/\/www.quilombhoje.com.br\/blog\/#website\"},\"datePublished\":\"2010-02-22T20:05:07+00:00\",\"dateModified\":\"2010-02-22T20:13:45+00:00\",\"breadcrumb\":{\"@id\":\"https:\/\/www.quilombhoje.com.br\/blog\/?p=23#breadcrumb\"},\"inLanguage\":\"pt-BR\",\"potentialAction\":[{\"@type\":\"ReadAction\",\"target\":[\"https:\/\/www.quilombhoje.com.br\/blog\/?p=23\"]}]},{\"@type\":\"BreadcrumbList\",\"@id\":\"https:\/\/www.quilombhoje.com.br\/blog\/?p=23#breadcrumb\",\"itemListElement\":[{\"@type\":\"ListItem\",\"position\":1,\"item\":{\"@type\":\"WebPage\",\"@id\":\"https:\/\/www.quilombhoje.com.br\/blog\/\",\"url\":\"https:\/\/www.quilombhoje.com.br\/blog\/\",\"name\":\"In\\u00edcio\"}},{\"@type\":\"ListItem\",\"position\":2,\"item\":{\"@id\":\"https:\/\/www.quilombhoje.com.br\/blog\/?p=23#webpage\"}}]},{\"@type\":\"Article\",\"@id\":\"https:\/\/www.quilombhoje.com.br\/blog\/?p=23#article\",\"isPartOf\":{\"@id\":\"https:\/\/www.quilombhoje.com.br\/blog\/?p=23#webpage\"},\"author\":{\"@id\":\"https:\/\/www.quilombhoje.com.br\/blog\/#\/schema\/person\/ea696b395b5ec25575d4b2865cbc75a9\"},\"headline\":\"Carnaval 1\",\"datePublished\":\"2010-02-22T20:05:07+00:00\",\"dateModified\":\"2010-02-22T20:13:45+00:00\",\"mainEntityOfPage\":{\"@id\":\"https:\/\/www.quilombhoje.com.br\/blog\/?p=23#webpage\"},\"wordCount\":196,\"publisher\":{\"@id\":\"https:\/\/www.quilombhoje.com.br\/blog\/#\/schema\/person\/ea696b395b5ec25575d4b2865cbc75a9\"},\"articleSection\":[\"Coment\\u00e1rios\"],\"inLanguage\":\"pt-BR\"},{\"@type\":[\"Person\",\"Organization\"],\"@id\":\"https:\/\/www.quilombhoje.com.br\/blog\/#\/schema\/person\/ea696b395b5ec25575d4b2865cbc75a9\",\"name\":\"Marcio\",\"image\":{\"@type\":\"ImageObject\",\"@id\":\"https:\/\/www.quilombhoje.com.br\/blog\/#personlogo\",\"inLanguage\":\"pt-BR\",\"url\":\"https:\/\/secure.gravatar.com\/avatar\/7acc8449b30cfc81f163f831185a6f28?s=96&d=mm&r=g\",\"contentUrl\":\"https:\/\/secure.gravatar.com\/avatar\/7acc8449b30cfc81f163f831185a6f28?s=96&d=mm&r=g\",\"caption\":\"Marcio\"},\"logo\":{\"@id\":\"https:\/\/www.quilombhoje.com.br\/blog\/#personlogo\"},\"url\":\"https:\/\/www.quilombhoje.com.br\/blog\/?author=2\"}]}<\/script>\n<!-- \/ Yoast SEO plugin. -->","_links":{"self":[{"href":"https:\/\/www.quilombhoje.com.br\/blog\/index.php?rest_route=\/wp\/v2\/posts\/23"}],"collection":[{"href":"https:\/\/www.quilombhoje.com.br\/blog\/index.php?rest_route=\/wp\/v2\/posts"}],"about":[{"href":"https:\/\/www.quilombhoje.com.br\/blog\/index.php?rest_route=\/wp\/v2\/types\/post"}],"author":[{"embeddable":true,"href":"https:\/\/www.quilombhoje.com.br\/blog\/index.php?rest_route=\/wp\/v2\/users\/2"}],"replies":[{"embeddable":true,"href":"https:\/\/www.quilombhoje.com.br\/blog\/index.php?rest_route=%2Fwp%2Fv2%2Fcomments&post=23"}],"version-history":[{"count":7,"href":"https:\/\/www.quilombhoje.com.br\/blog\/index.php?rest_route=\/wp\/v2\/posts\/23\/revisions"}],"predecessor-version":[{"id":29,"href":"https:\/\/www.quilombhoje.com.br\/blog\/index.php?rest_route=\/wp\/v2\/posts\/23\/revisions\/29"}],"wp:attachment":[{"href":"https:\/\/www.quilombhoje.com.br\/blog\/index.php?rest_route=%2Fwp%2Fv2%2Fmedia&parent=23"}],"wp:term":[{"taxonomy":"category","embeddable":true,"href":"https:\/\/www.quilombhoje.com.br\/blog\/index.php?rest_route=%2Fwp%2Fv2%2Fcategories&post=23"},{"taxonomy":"post_tag","embeddable":true,"href":"https:\/\/www.quilombhoje.com.br\/blog\/index.php?rest_route=%2Fwp%2Fv2%2Ftags&post=23"}],"curies":[{"name":"wp","href":"https:\/\/api.w.org\/{rel}","templated":true}]}}