{"id":114,"date":"2010-05-03T08:36:53","date_gmt":"2010-05-03T08:36:53","guid":{"rendered":"http:\/\/www.quilombhoje.com.br\/blog\/?p=114"},"modified":"2010-05-03T08:36:53","modified_gmt":"2010-05-03T08:36:53","slug":"sarau-afro-mix-na-olido","status":"publish","type":"post","link":"https:\/\/www.quilombhoje.com.br\/blog\/?p=114","title":{"rendered":"Sarau Afro Mix na Olido"},"content":{"rendered":"<div id=\"tweetbutton114\" class=\"tw_button\" style=\"\"><a href=\"http:\/\/twitter.com\/share?url=https%3A%2F%2Fwww.quilombhoje.com.br%2Fblog%2F%3Fp%3D114&amp;text=Sarau%20Afro%20Mix%20na%20Olido&amp;related=&amp;lang=en&amp;count=horizontal&amp;counturl=https%3A%2F%2Fwww.quilombhoje.com.br%2Fblog%2F%3Fp%3D114\" class=\"twitter-share-button\"  style=\"width:55px;height:22px;background:transparent url('https:\/\/www.quilombhoje.com.br\/blog\/wp-content\/plugins\/wp-tweet-button\/tweetn.png') no-repeat  0 0;text-align:left;text-indent:-9999px;display:block;\">Tweet<\/a><\/div><div id=\"fcbk_share\"><div class=\"fcbk_button\">\n\t\t\t\t\t\t\t<a href=\"http:\/\/www.facebook.com\/\"\ttarget=\"_blank\">\n\t\t\t\t\t\t\t\t<img decoding=\"async\" src=\"http:\/\/www.quilombhoje.com.br\/blog\/wp-content\/plugins\/facebook-button-plugin\/img\/standart-facebook-ico.png\" alt=\"Fb-Button\" \/>\n\t\t\t\t\t\t\t<\/a>\n\t\t\t\t\t\t<\/div><div class=\"fcbk_like\">\n\t\t\t\t\t\t\t<div id=\"fb-root\"><\/div>\n\t\t\t\t\t\t\t<script src=\"http:\/\/connect.facebook.net\/pt_BR\/all.js#appId=224313110927811&amp;xfbml=1\"><\/script>\n\t\t\t\t\t\t\t<fb:like href=\"https:\/\/www.quilombhoje.com.br\/blog\/?p=114\" send=\"false\" layout=\"button_count\" width=\"450\" show_faces=\"false\" font=\"\"><\/fb:like>\n\t\t\t\t\t\t<\/div><\/div><p><span style=\"font-family: Verdana;\"><em><strong>SARAU AFRO MIX<br \/>\n<\/strong><\/em><\/span><span style=\"font-family: Verdana;\"><em><strong>Dia 10 de maio de 2010 &#8211; segunda-feira<br \/>\ndas 18h \u00e0s 20h &#8211; entrada franca<br \/>\nGaleria Olido<br \/>\nAv. S. Jo\u00e3o, 473 &#8211; t\u00e9rreo &#8211; centro &#8211; S\u00e3o Paulo<\/strong><\/em><\/span><\/p>\n<p><span style=\"font-family: Verdana; font-size: medium;\">O que \u00e9 literatura para voc\u00ea?<\/span><\/p>\n<p><span style=\"font-family: Verdana; font-size: medium;\">Estamos convidando voc\u00ea para participar conosco do Sarau Afro <\/span><span style=\"font-family: Verdana; font-size: medium;\">Mix &#8211; Lima Barreto e Carolina de Jesus, na Galeria Olido.<br \/>\n<\/span><\/p>\n<p><span style=\"font-family: Verdana; font-size: medium;\">Este sarau ser\u00e1 realizado em maio, que\u00a0tem no dia 13 para a maioria\u00a0a lembran\u00e7a da\u00a0<\/span><span style=\"font-family: Verdana; font-size: medium;\">aboli\u00e7\u00e3o (esta, ainda, inacabada), mas\u00a0esse dia\u00a0tem outros significados (consulte o calend\u00e1rio\u00a0afro para essa e\u00a0outras datas).<br \/>\n<\/span><\/p>\n<p><span style=\"font-family: Verdana; font-size: medium;\">Um bom\u00a0motivo para celebrar o dia 13, e quem gosta de ler, seja novo ou velho, negro <\/span><span style=\"font-family: Verdana; font-size: medium;\">ou branco, concordar\u00e1 conosco, \u00e9 que\u00a0\u00e9 dia de nascimento do escritor Lima Barreto. No sarau, falaremos um <\/span><span style=\"font-family: Verdana; font-size: medium;\">pouco sobre esse escritor pr\u00e9-modernista, que nasceu &#8220;sem dinheiro, mulato e livre&#8221; <\/span><span style=\"font-family: Verdana; font-size: medium;\">(conforme escreve e se descreve) e tamb\u00e9m sobre a escritora Carolina de Jesus, cuja obra <\/span><span style=\"font-family: Verdana; font-size: medium;\">&#8220;Quarto de Despejo&#8221; completa 50 anos em 2010 e \u00e9 refer\u00eancia para muitos jovens, <\/span><span style=\"font-family: Verdana; font-size: medium;\">especialmente os moradores de periferia.<br \/>\n<\/span><\/p>\n<p><span style=\"font-family: Verdana; font-size: medium;\">Ent\u00e3o fica assim:<br \/>\nInterven\u00e7\u00e3o sobre <strong>Lima<\/strong> e <strong>Carolina<\/strong>;<br \/>\n<\/span><span style=\"font-family: Verdana; font-size: medium;\">poesia com participa\u00e7\u00e3o de <strong>Esmeralda Ribeiro, Helton Fesan, M\u00e1rcio Barbosa, Sacolinha, <\/strong><\/span><span style=\"font-family: Verdana; font-size: medium;\"><strong>Sergio Ballouk <\/strong>e<strong> Thyko de Souza<\/strong> (e quem mais chegar chegando);<br \/>\n<\/span><span style=\"font-family: Verdana; font-size: medium;\">e interven\u00e7\u00e3o musical com a <\/span><span style=\"font-family: Verdana; font-size: medium;\">cantora <strong>Lia Jones<\/strong>.<br \/>\n<\/span><\/p>\n<p><span style=\"font-family: Verdana; font-size: medium;\">Teremos a <strong>roda de poemas<\/strong>, que \u00e9 aberta a quem quiser levar suas poesias (sejam tradicionais <\/span><span style=\"font-family: Verdana; font-size: medium;\">ou em forma de rap). Basta entrar na roda e l\u00ea-las, declam\u00e1-las\u00a0(desse jeito: cantamos um ponto, <\/span><span style=\"font-family: Verdana; font-size: medium;\">paramos, l\u00ea-se um poema, ponto, e a coisa segue&#8230;).<br \/>\n<\/span><\/p>\n<p><span style=\"font-family: Verdana; font-size: medium;\">\u00c9 uma \u00f3tima oportunidade que a\u00a0literatura proporciona para renovarmos nossa energia.<br \/>\n<\/span><\/p>\n<p><span style=\"font-family: Verdana; font-size: medium;\">&#8220;Canta pra assentar o ax\u00e9, i\u00f4&#8221;<br \/>\n<\/span><\/p>\n<p><span style=\"font-family: Verdana; font-size: medium;\"><em>Ax\u00e9!<\/em><\/span><\/p>\n<p><span style=\"font-family: Verdana; font-size: medium;\"><em>Quilombhoje<\/em><\/span><\/p>\n<p><\/p>","protected":false},"excerpt":{"rendered":"<div id=\"tweetbutton114\" class=\"tw_button\" style=\"\"><a href=\"http:\/\/twitter.com\/share?url=https%3A%2F%2Fwww.quilombhoje.com.br%2Fblog%2F%3Fp%3D114&amp;text=Sarau%20Afro%20Mix%20na%20Olido&amp;related=&amp;lang=en&amp;count=horizontal&amp;counturl=https%3A%2F%2Fwww.quilombhoje.com.br%2Fblog%2F%3Fp%3D114\" class=\"twitter-share-button\"  style=\"width:55px;height:22px;background:transparent url('https:\/\/www.quilombhoje.com.br\/blog\/wp-content\/plugins\/wp-tweet-button\/tweetn.png') no-repeat  0 0;text-align:left;text-indent:-9999px;display:block;\">Tweet<\/a><\/div><p>Tweet SARAU AFRO MIX Dia 10 de maio de 2010 &#8211; segunda-feira das 18h \u00e0s 20h &#8211; entrada franca Galeria Olido Av. S. Jo\u00e3o, 473 &#8211; t\u00e9rreo &#8211; centro &#8211; S\u00e3o Paulo O que \u00e9 literatura para voc\u00ea? Estamos convidando voc\u00ea para participar conosco do Sarau Afro Mix &#8211; Lima Barreto e Carolina de Jesus, [&hellip;]<\/p>\n","protected":false},"author":1,"featured_media":0,"comment_status":"closed","ping_status":"closed","sticky":false,"template":"","format":"standard","meta":{"footnotes":""},"categories":[3],"tags":[],"yoast_head":"<!-- This site is optimized with the Yoast SEO plugin v16.4 - https:\/\/yoast.com\/wordpress\/plugins\/seo\/ -->\n<meta name=\"robots\" content=\"index, follow, max-snippet:-1, max-image-preview:large, max-video-preview:-1\" \/>\n<link rel=\"canonical\" href=\"https:\/\/www.quilombhoje.com.br\/blog\/?p=114\" \/>\n<meta property=\"og:locale\" content=\"pt_BR\" \/>\n<meta property=\"og:type\" content=\"article\" \/>\n<meta property=\"og:title\" content=\"Sarau Afro Mix na Olido &bull; QUILOMBHOJE\" \/>\n<meta property=\"og:description\" content=\"Tweet SARAU AFRO MIX Dia 10 de maio de 2010 &#8211; segunda-feira das 18h \u00e0s 20h &#8211; entrada franca Galeria Olido Av. S. Jo\u00e3o, 473 &#8211; t\u00e9rreo &#8211; centro &#8211; S\u00e3o Paulo O que \u00e9 literatura para voc\u00ea? Estamos convidando voc\u00ea para participar conosco do Sarau Afro Mix &#8211; Lima Barreto e Carolina de Jesus, [&hellip;]\" \/>\n<meta property=\"og:url\" content=\"https:\/\/www.quilombhoje.com.br\/blog\/?p=114\" \/>\n<meta property=\"og:site_name\" content=\"QUILOMBHOJE\" \/>\n<meta property=\"article:published_time\" content=\"2010-05-03T08:36:53+00:00\" \/>\n<meta name=\"twitter:card\" content=\"summary_large_image\" \/>\n<meta name=\"twitter:label1\" content=\"Est. tempo de leitura\" \/>\n\t<meta name=\"twitter:data1\" content=\"1 minuto\" \/>\n<script type=\"application\/ld+json\" class=\"yoast-schema-graph\">{\"@context\":\"https:\/\/schema.org\",\"@graph\":[{\"@type\":[\"Person\",\"Organization\"],\"@id\":\"https:\/\/www.quilombhoje.com.br\/blog\/#\/schema\/person\/ea696b395b5ec25575d4b2865cbc75a9\",\"name\":\"Marcio\",\"image\":{\"@type\":\"ImageObject\",\"@id\":\"https:\/\/www.quilombhoje.com.br\/blog\/#personlogo\",\"inLanguage\":\"pt-BR\",\"url\":\"https:\/\/secure.gravatar.com\/avatar\/7acc8449b30cfc81f163f831185a6f28?s=96&d=mm&r=g\",\"contentUrl\":\"https:\/\/secure.gravatar.com\/avatar\/7acc8449b30cfc81f163f831185a6f28?s=96&d=mm&r=g\",\"caption\":\"Marcio\"},\"logo\":{\"@id\":\"https:\/\/www.quilombhoje.com.br\/blog\/#personlogo\"}},{\"@type\":\"WebSite\",\"@id\":\"https:\/\/www.quilombhoje.com.br\/blog\/#website\",\"url\":\"https:\/\/www.quilombhoje.com.br\/blog\/\",\"name\":\"blog Quilombhoje\",\"description\":\"Informes, coment\\u00e1rios e outras coisas\",\"publisher\":{\"@id\":\"https:\/\/www.quilombhoje.com.br\/blog\/#\/schema\/person\/ea696b395b5ec25575d4b2865cbc75a9\"},\"potentialAction\":[{\"@type\":\"SearchAction\",\"target\":\"https:\/\/www.quilombhoje.com.br\/blog\/?s={search_term_string}\",\"query-input\":\"required name=search_term_string\"}],\"inLanguage\":\"pt-BR\"},{\"@type\":\"WebPage\",\"@id\":\"https:\/\/www.quilombhoje.com.br\/blog\/?p=114#webpage\",\"url\":\"https:\/\/www.quilombhoje.com.br\/blog\/?p=114\",\"name\":\"Sarau Afro Mix na Olido &bull; QUILOMBHOJE\",\"isPartOf\":{\"@id\":\"https:\/\/www.quilombhoje.com.br\/blog\/#website\"},\"datePublished\":\"2010-05-03T08:36:53+00:00\",\"dateModified\":\"2010-05-03T08:36:53+00:00\",\"breadcrumb\":{\"@id\":\"https:\/\/www.quilombhoje.com.br\/blog\/?p=114#breadcrumb\"},\"inLanguage\":\"pt-BR\",\"potentialAction\":[{\"@type\":\"ReadAction\",\"target\":[\"https:\/\/www.quilombhoje.com.br\/blog\/?p=114\"]}]},{\"@type\":\"BreadcrumbList\",\"@id\":\"https:\/\/www.quilombhoje.com.br\/blog\/?p=114#breadcrumb\",\"itemListElement\":[{\"@type\":\"ListItem\",\"position\":1,\"item\":{\"@type\":\"WebPage\",\"@id\":\"https:\/\/www.quilombhoje.com.br\/blog\/\",\"url\":\"https:\/\/www.quilombhoje.com.br\/blog\/\",\"name\":\"In\\u00edcio\"}},{\"@type\":\"ListItem\",\"position\":2,\"item\":{\"@id\":\"https:\/\/www.quilombhoje.com.br\/blog\/?p=114#webpage\"}}]},{\"@type\":\"Article\",\"@id\":\"https:\/\/www.quilombhoje.com.br\/blog\/?p=114#article\",\"isPartOf\":{\"@id\":\"https:\/\/www.quilombhoje.com.br\/blog\/?p=114#webpage\"},\"author\":{\"@id\":\"https:\/\/www.quilombhoje.com.br\/blog\/#\/schema\/person\/9ba2ceab01e5661dfc52a9b99880a579\"},\"headline\":\"Sarau Afro Mix na Olido\",\"datePublished\":\"2010-05-03T08:36:53+00:00\",\"dateModified\":\"2010-05-03T08:36:53+00:00\",\"mainEntityOfPage\":{\"@id\":\"https:\/\/www.quilombhoje.com.br\/blog\/?p=114#webpage\"},\"wordCount\":284,\"publisher\":{\"@id\":\"https:\/\/www.quilombhoje.com.br\/blog\/#\/schema\/person\/ea696b395b5ec25575d4b2865cbc75a9\"},\"articleSection\":[\"Informes\"],\"inLanguage\":\"pt-BR\"},{\"@type\":\"Person\",\"@id\":\"https:\/\/www.quilombhoje.com.br\/blog\/#\/schema\/person\/9ba2ceab01e5661dfc52a9b99880a579\",\"name\":\"admin\",\"image\":{\"@type\":\"ImageObject\",\"@id\":\"https:\/\/www.quilombhoje.com.br\/blog\/#personlogo\",\"inLanguage\":\"pt-BR\",\"url\":\"https:\/\/secure.gravatar.com\/avatar\/0638aed368a4753a7e82bd6c536f8048?s=96&d=mm&r=g\",\"contentUrl\":\"https:\/\/secure.gravatar.com\/avatar\/0638aed368a4753a7e82bd6c536f8048?s=96&d=mm&r=g\",\"caption\":\"admin\"},\"url\":\"https:\/\/www.quilombhoje.com.br\/blog\/?author=1\"}]}<\/script>\n<!-- \/ Yoast SEO plugin. -->","_links":{"self":[{"href":"https:\/\/www.quilombhoje.com.br\/blog\/index.php?rest_route=\/wp\/v2\/posts\/114"}],"collection":[{"href":"https:\/\/www.quilombhoje.com.br\/blog\/index.php?rest_route=\/wp\/v2\/posts"}],"about":[{"href":"https:\/\/www.quilombhoje.com.br\/blog\/index.php?rest_route=\/wp\/v2\/types\/post"}],"author":[{"embeddable":true,"href":"https:\/\/www.quilombhoje.com.br\/blog\/index.php?rest_route=\/wp\/v2\/users\/1"}],"replies":[{"embeddable":true,"href":"https:\/\/www.quilombhoje.com.br\/blog\/index.php?rest_route=%2Fwp%2Fv2%2Fcomments&post=114"}],"version-history":[{"count":2,"href":"https:\/\/www.quilombhoje.com.br\/blog\/index.php?rest_route=\/wp\/v2\/posts\/114\/revisions"}],"predecessor-version":[{"id":116,"href":"https:\/\/www.quilombhoje.com.br\/blog\/index.php?rest_route=\/wp\/v2\/posts\/114\/revisions\/116"}],"wp:attachment":[{"href":"https:\/\/www.quilombhoje.com.br\/blog\/index.php?rest_route=%2Fwp%2Fv2%2Fmedia&parent=114"}],"wp:term":[{"taxonomy":"category","embeddable":true,"href":"https:\/\/www.quilombhoje.com.br\/blog\/index.php?rest_route=%2Fwp%2Fv2%2Fcategories&post=114"},{"taxonomy":"post_tag","embeddable":true,"href":"https:\/\/www.quilombhoje.com.br\/blog\/index.php?rest_route=%2Fwp%2Fv2%2Ftags&post=114"}],"curies":[{"name":"wp","href":"https:\/\/api.w.org\/{rel}","templated":true}]}}